{"id":153548,"date":"2026-04-10T08:12:55","date_gmt":"2026-04-10T11:12:55","guid":{"rendered":"https:\/\/basaworldtravel.com.ar\/?p=153548"},"modified":"2026-04-10T08:12:57","modified_gmt":"2026-04-10T11:12:57","slug":"ruta-del-adobe","status":"publish","type":"post","link":"https:\/\/basaworldtravel.com.ar\/sitio\/2026\/04\/ruta-del-adobe\/","title":{"rendered":"RUTA DEL ADOBE-\u00a0FERIADO MAYO 2026"},"content":{"rendered":"\n<p>Salida 21 Mayo <\/p>\n\n\n\n<p>SERVICIOS:<br>\uf0fc Bus Ch\u00e1rter de Turismo Mix \u2013 Adicional Butaca Cama $ 40.000.<br>\uf0fc Adicional butacas panor\u00e1micas y cafeteras $ 38.000.<br>\uf0fc COORDINADOR.<br>\uf0fc 03 Noches de Alojamiento<strong> HOTEL DEL CENTRO *** <\/strong>www.hoteldelcentro.com.ar <br>\uf0fc MEDIA PENSION.-Sin bebidas<\/p>\n\n\n\n<p><br><strong>EXCURSIONES<\/strong>:<br>\uf0fc City Tour por Catamarca, Catedral, Casa de Gobierno, Convento de San Francisco, Dique el Jumeal y Gruta de la Virgen del Valle.<br>\uf0fc Ruta del Adobe: visita a construcciones de adobe y lugares t\u00edpicos de zona.<br>\uf0fc Termas de Fiambal\u00e1 (no incluye traslado desde Fiambal\u00e1 al complejo termal ni ticket de ingreso).<\/p>\n\n\n\n<p><strong>Itinerario tentativo:<br><\/strong>D\u00eda 1 &#8211; Salida en horas de la tarde, viajando por la noche.<br>D\u00eda 2 &#8211; Arribo en horas de la ma\u00f1ana a la ciudad de San Fernando del Valle de Catamarca. City Tour acompa\u00f1ados por un gu\u00eda visitando Bas\u00edlica de Nsta. Sra. Del Valle, Casa de Gobierno, Convento de San Francisco Gruta de Choya y Dique el Jumeal. Almuerzo libre y continuaremos viaje a Aimogasta distante unos 150 km.- Alojamiento en Hotel y Cena.<br>D\u00eda 3 \u2013 Desayuno y Cena- Durante el d\u00eda realizaremos la excursi\u00f3n a Ruta del Adobe visitando construcciones de Adobe, lugares t\u00edpicos de la zona y Termas de Fiambal\u00e1, distante unos 161 km (no incluye traslado desde Fiambal\u00e1 al Complejo Termal ni ticket de ingreso al mismo)<br>D\u00eda 4 \u2013 Desayuno y Cena- D\u00eda Libre.- Podr\u00e1n realizar la excursi\u00f3n opcional (Bel\u00e9n y Londres con Ruinas del Shincal)<br>D\u00eda 5 \u2013 Desayuno y emprendemos viaje de regreso para arribar a destino en horas de la noche.<br>(Itinerario sujeto a condiciones de reservas)<\/p>\n\n\n\n<p>Opcional Recomendado:<br>Bel\u00e9n y Londres con Ruinas del Shincal<\/p>\n\n\n\n<p><strong>$ $ 441.400 por persona en base doble \/triple abonando en efectivo <\/strong><\/p>\n\n\n\n<p><strong>$430600 por persona en base cu\u00e1druple  abonando en efectivo <\/strong><\/p>\n\n\n\n<p>Precior por persona abonando en efectivo<\/p>\n\n\n\n<p><\/p>\n","protected":false},"excerpt":{"rendered":"<p>Descubri el encanto de la tradici\u00f3n, la belleza de la arquitectura y la riqueza de la historia argentina, donde cada paso es un viaje a trav\u00e8s del tiempo.<\/p>\n","protected":false},"author":2,"featured_media":132025,"comment_status":"closed","ping_status":"open","sticky":false,"template":"","format":"standard","meta":{"_acf_changed":false,"footnotes":""},"categories":[6,5,245],"tags":[630,16,35,151,374,38,92,80],"class_list":["post-153548","post","type-post","status-publish","format-standard","has-post-thumbnail","hentry","category-argentina","category-paquetes","category-sudamerica","tag-adobe","tag-argentina","tag-catamarca","tag-feriado","tag-fiambala","tag-norte","tag-ruta-del-adobe","tag-salidas-grupales","category-6","category-5","category-245","description-off"],"acf":[],"yoast_head":"<!-- This site is optimized with the Yoast SEO plugin v28.4 - https:\/\/yoast.com\/product\/yoast-seo-wordpress\/ -->\n<title>RUTA DEL ADOBE-\u00a0FERIADO MAYO 2026 - Basa<\/title>\n<meta name=\"robots\" content=\"index, follow, max-snippet:-1, max-image-preview:large, max-video-preview:-1\" \/>\n<link rel=\"canonical\" href=\"https:\/\/basaworldtravel.com.ar\/sitio\/2026\/04\/ruta-del-adobe\/\" \/>\n<meta property=\"og:locale\" content=\"es_ES\" \/>\n<meta property=\"og:type\" content=\"article\" \/>\n<meta property=\"og:title\" content=\"RUTA DEL ADOBE-\u00a0FERIADO MAYO 2026 - Basa\" \/>\n<meta property=\"og:description\" content=\"Descubri el encanto de la tradici\u00f3n, la belleza de la arquitectura y la riqueza de la historia argentina, donde cada paso es un viaje a trav\u00e8s del tiempo.\" \/>\n<meta property=\"og:url\" content=\"https:\/\/basaworldtravel.com.ar\/sitio\/2026\/04\/ruta-del-adobe\/\" \/>\n<meta property=\"og:site_name\" content=\"Basa\" \/>\n<meta property=\"article:published_time\" content=\"2026-04-10T11:12:55+00:00\" \/>\n<meta property=\"article:modified_time\" content=\"2026-04-10T11:12:57+00:00\" \/>\n<meta property=\"og:image\" content=\"https:\/\/basaworldtravel.com.ar\/sitio\/wp-content\/uploads\/2023\/03\/adobe-1.jpg\" \/>\n\t<meta property=\"og:image:width\" content=\"900\" \/>\n\t<meta property=\"og:image:height\" content=\"673\" \/>\n\t<meta property=\"og:image:type\" content=\"image\/jpeg\" \/>\n<meta name=\"author\" content=\"BasaWeb\" \/>\n<meta name=\"twitter:card\" content=\"summary_large_image\" \/>\n<meta name=\"twitter:label1\" content=\"Escrito por\" \/>\n\t<meta name=\"twitter:data1\" content=\"BasaWeb\" \/>\n\t<meta name=\"twitter:label2\" content=\"Tiempo de lectura\" \/>\n\t<meta name=\"twitter:data2\" content=\"2 minutos\" \/>\n<script type=\"application\/ld+json\" class=\"yoast-schema-graph\">{\"@context\":\"https:\\\/\\\/schema.org\",\"@graph\":[{\"@type\":\"Article\",\"@id\":\"https:\\\/\\\/basaworldtravel.com.ar\\\/sitio\\\/2026\\\/04\\\/ruta-del-adobe\\\/#article\",\"isPartOf\":{\"@id\":\"https:\\\/\\\/basaworldtravel.com.ar\\\/sitio\\\/2026\\\/04\\\/ruta-del-adobe\\\/\"},\"author\":{\"name\":\"BasaWeb\",\"@id\":\"https:\\\/\\\/basaworldtravel.com.ar\\\/sitio\\\/#\\\/schema\\\/person\\\/d89b1d641794d338c41cd3818beabd4c\"},\"headline\":\"RUTA DEL ADOBE-\u00a0FERIADO MAYO 2026\",\"datePublished\":\"2026-04-10T11:12:55+00:00\",\"dateModified\":\"2026-04-10T11:12:57+00:00\",\"mainEntityOfPage\":{\"@id\":\"https:\\\/\\\/basaworldtravel.com.ar\\\/sitio\\\/2026\\\/04\\\/ruta-del-adobe\\\/\"},\"wordCount\":300,\"image\":{\"@id\":\"https:\\\/\\\/basaworldtravel.com.ar\\\/sitio\\\/2026\\\/04\\\/ruta-del-adobe\\\/#primaryimage\"},\"thumbnailUrl\":\"https:\\\/\\\/basaworldtravel.com.ar\\\/sitio\\\/wp-content\\\/uploads\\\/2023\\\/03\\\/adobe-1.jpg\",\"keywords\":[\"ADOBE\",\"ARGENTINA\",\"catamarca\",\"FERIADO\",\"fiambala\",\"NORTE\",\"ruta del adobe\",\"SALIDAS GRUPALES\"],\"articleSection\":[\"Argentina\",\"Paquetes\",\"Sudam\u00e9rica\"],\"inLanguage\":\"es\"},{\"@type\":\"WebPage\",\"@id\":\"https:\\\/\\\/basaworldtravel.com.ar\\\/sitio\\\/2026\\\/04\\\/ruta-del-adobe\\\/\",\"url\":\"https:\\\/\\\/basaworldtravel.com.ar\\\/sitio\\\/2026\\\/04\\\/ruta-del-adobe\\\/\",\"name\":\"RUTA DEL ADOBE-\u00a0FERIADO MAYO 2026 - Basa\",\"isPartOf\":{\"@id\":\"https:\\\/\\\/basaworldtravel.com.ar\\\/sitio\\\/#website\"},\"primaryImageOfPage\":{\"@id\":\"https:\\\/\\\/basaworldtravel.com.ar\\\/sitio\\\/2026\\\/04\\\/ruta-del-adobe\\\/#primaryimage\"},\"image\":{\"@id\":\"https:\\\/\\\/basaworldtravel.com.ar\\\/sitio\\\/2026\\\/04\\\/ruta-del-adobe\\\/#primaryimage\"},\"thumbnailUrl\":\"https:\\\/\\\/basaworldtravel.com.ar\\\/sitio\\\/wp-content\\\/uploads\\\/2023\\\/03\\\/adobe-1.jpg\",\"datePublished\":\"2026-04-10T11:12:55+00:00\",\"dateModified\":\"2026-04-10T11:12:57+00:00\",\"author\":{\"@id\":\"https:\\\/\\\/basaworldtravel.com.ar\\\/sitio\\\/#\\\/schema\\\/person\\\/d89b1d641794d338c41cd3818beabd4c\"},\"breadcrumb\":{\"@id\":\"https:\\\/\\\/basaworldtravel.com.ar\\\/sitio\\\/2026\\\/04\\\/ruta-del-adobe\\\/#breadcrumb\"},\"inLanguage\":\"es\",\"potentialAction\":[{\"@type\":\"ReadAction\",\"target\":[\"https:\\\/\\\/basaworldtravel.com.ar\\\/sitio\\\/2026\\\/04\\\/ruta-del-adobe\\\/\"]}]},{\"@type\":\"ImageObject\",\"inLanguage\":\"es\",\"@id\":\"https:\\\/\\\/basaworldtravel.com.ar\\\/sitio\\\/2026\\\/04\\\/ruta-del-adobe\\\/#primaryimage\",\"url\":\"https:\\\/\\\/basaworldtravel.com.ar\\\/sitio\\\/wp-content\\\/uploads\\\/2023\\\/03\\\/adobe-1.jpg\",\"contentUrl\":\"https:\\\/\\\/basaworldtravel.com.ar\\\/sitio\\\/wp-content\\\/uploads\\\/2023\\\/03\\\/adobe-1.jpg\",\"width\":900,\"height\":673},{\"@type\":\"BreadcrumbList\",\"@id\":\"https:\\\/\\\/basaworldtravel.com.ar\\\/sitio\\\/2026\\\/04\\\/ruta-del-adobe\\\/#breadcrumb\",\"itemListElement\":[{\"@type\":\"ListItem\",\"position\":1,\"name\":\"Portada\",\"item\":\"https:\\\/\\\/basaworldtravel.com.ar\\\/sitio\\\/\"},{\"@type\":\"ListItem\",\"position\":2,\"name\":\"RUTA DEL ADOBE-\u00a0FERIADO MAYO 2026\"}]},{\"@type\":\"WebSite\",\"@id\":\"https:\\\/\\\/basaworldtravel.com.ar\\\/sitio\\\/#website\",\"url\":\"https:\\\/\\\/basaworldtravel.com.ar\\\/sitio\\\/\",\"name\":\"Basa\",\"description\":\"World Travel\",\"potentialAction\":[{\"@type\":\"SearchAction\",\"target\":{\"@type\":\"EntryPoint\",\"urlTemplate\":\"https:\\\/\\\/basaworldtravel.com.ar\\\/sitio\\\/?s={search_term_string}\"},\"query-input\":{\"@type\":\"PropertyValueSpecification\",\"valueRequired\":true,\"valueName\":\"search_term_string\"}}],\"inLanguage\":\"es\"},{\"@type\":\"Person\",\"@id\":\"https:\\\/\\\/basaworldtravel.com.ar\\\/sitio\\\/#\\\/schema\\\/person\\\/d89b1d641794d338c41cd3818beabd4c\",\"name\":\"BasaWeb\",\"image\":{\"@type\":\"ImageObject\",\"inLanguage\":\"es\",\"@id\":\"https:\\\/\\\/secure.gravatar.com\\\/avatar\\\/13e699648957af0aba903942fee2a1fc533d92bcd43fcf375a4df1edc2708698?s=96&d=mm&r=g\",\"url\":\"https:\\\/\\\/secure.gravatar.com\\\/avatar\\\/13e699648957af0aba903942fee2a1fc533d92bcd43fcf375a4df1edc2708698?s=96&d=mm&r=g\",\"contentUrl\":\"https:\\\/\\\/secure.gravatar.com\\\/avatar\\\/13e699648957af0aba903942fee2a1fc533d92bcd43fcf375a4df1edc2708698?s=96&d=mm&r=g\",\"caption\":\"BasaWeb\"},\"url\":\"https:\\\/\\\/basaworldtravel.com.ar\\\/sitio\\\/author\\\/basaweb\\\/\"}]}<\/script>\n<!-- \/ Yoast SEO plugin. -->","yoast_head_json":{"title":"RUTA DEL ADOBE-\u00a0FERIADO MAYO 2026 - Basa","robots":{"index":"index","follow":"follow","max-snippet":"max-snippet:-1","max-image-preview":"max-image-preview:large","max-video-preview":"max-video-preview:-1"},"canonical":"https:\/\/basaworldtravel.com.ar\/sitio\/2026\/04\/ruta-del-adobe\/","og_locale":"es_ES","og_type":"article","og_title":"RUTA DEL ADOBE-\u00a0FERIADO MAYO 2026 - Basa","og_description":"Descubri el encanto de la tradici\u00f3n, la belleza de la arquitectura y la riqueza de la historia argentina, donde cada paso es un viaje a trav\u00e8s del tiempo.","og_url":"https:\/\/basaworldtravel.com.ar\/sitio\/2026\/04\/ruta-del-adobe\/","og_site_name":"Basa","article_published_time":"2026-04-10T11:12:55+00:00","article_modified_time":"2026-04-10T11:12:57+00:00","og_image":[{"width":900,"height":673,"url":"https:\/\/basaworldtravel.com.ar\/sitio\/wp-content\/uploads\/2023\/03\/adobe-1.jpg","type":"image\/jpeg"}],"author":"BasaWeb","twitter_card":"summary_large_image","twitter_misc":{"Escrito por":"BasaWeb","Tiempo de lectura":"2 minutos"},"schema":{"@context":"https:\/\/schema.org","@graph":[{"@type":"Article","@id":"https:\/\/basaworldtravel.com.ar\/sitio\/2026\/04\/ruta-del-adobe\/#article","isPartOf":{"@id":"https:\/\/basaworldtravel.com.ar\/sitio\/2026\/04\/ruta-del-adobe\/"},"author":{"name":"BasaWeb","@id":"https:\/\/basaworldtravel.com.ar\/sitio\/#\/schema\/person\/d89b1d641794d338c41cd3818beabd4c"},"headline":"RUTA DEL ADOBE-\u00a0FERIADO MAYO 2026","datePublished":"2026-04-10T11:12:55+00:00","dateModified":"2026-04-10T11:12:57+00:00","mainEntityOfPage":{"@id":"https:\/\/basaworldtravel.com.ar\/sitio\/2026\/04\/ruta-del-adobe\/"},"wordCount":300,"image":{"@id":"https:\/\/basaworldtravel.com.ar\/sitio\/2026\/04\/ruta-del-adobe\/#primaryimage"},"thumbnailUrl":"https:\/\/basaworldtravel.com.ar\/sitio\/wp-content\/uploads\/2023\/03\/adobe-1.jpg","keywords":["ADOBE","ARGENTINA","catamarca","FERIADO","fiambala","NORTE","ruta del adobe","SALIDAS GRUPALES"],"articleSection":["Argentina","Paquetes","Sudam\u00e9rica"],"inLanguage":"es"},{"@type":"WebPage","@id":"https:\/\/basaworldtravel.com.ar\/sitio\/2026\/04\/ruta-del-adobe\/","url":"https:\/\/basaworldtravel.com.ar\/sitio\/2026\/04\/ruta-del-adobe\/","name":"RUTA DEL ADOBE-\u00a0FERIADO MAYO 2026 - Basa","isPartOf":{"@id":"https:\/\/basaworldtravel.com.ar\/sitio\/#website"},"primaryImageOfPage":{"@id":"https:\/\/basaworldtravel.com.ar\/sitio\/2026\/04\/ruta-del-adobe\/#primaryimage"},"image":{"@id":"https:\/\/basaworldtravel.com.ar\/sitio\/2026\/04\/ruta-del-adobe\/#primaryimage"},"thumbnailUrl":"https:\/\/basaworldtravel.com.ar\/sitio\/wp-content\/uploads\/2023\/03\/adobe-1.jpg","datePublished":"2026-04-10T11:12:55+00:00","dateModified":"2026-04-10T11:12:57+00:00","author":{"@id":"https:\/\/basaworldtravel.com.ar\/sitio\/#\/schema\/person\/d89b1d641794d338c41cd3818beabd4c"},"breadcrumb":{"@id":"https:\/\/basaworldtravel.com.ar\/sitio\/2026\/04\/ruta-del-adobe\/#breadcrumb"},"inLanguage":"es","potentialAction":[{"@type":"ReadAction","target":["https:\/\/basaworldtravel.com.ar\/sitio\/2026\/04\/ruta-del-adobe\/"]}]},{"@type":"ImageObject","inLanguage":"es","@id":"https:\/\/basaworldtravel.com.ar\/sitio\/2026\/04\/ruta-del-adobe\/#primaryimage","url":"https:\/\/basaworldtravel.com.ar\/sitio\/wp-content\/uploads\/2023\/03\/adobe-1.jpg","contentUrl":"https:\/\/basaworldtravel.com.ar\/sitio\/wp-content\/uploads\/2023\/03\/adobe-1.jpg","width":900,"height":673},{"@type":"BreadcrumbList","@id":"https:\/\/basaworldtravel.com.ar\/sitio\/2026\/04\/ruta-del-adobe\/#breadcrumb","itemListElement":[{"@type":"ListItem","position":1,"name":"Portada","item":"https:\/\/basaworldtravel.com.ar\/sitio\/"},{"@type":"ListItem","position":2,"name":"RUTA DEL ADOBE-\u00a0FERIADO MAYO 2026"}]},{"@type":"WebSite","@id":"https:\/\/basaworldtravel.com.ar\/sitio\/#website","url":"https:\/\/basaworldtravel.com.ar\/sitio\/","name":"Basa","description":"World Travel","potentialAction":[{"@type":"SearchAction","target":{"@type":"EntryPoint","urlTemplate":"https:\/\/basaworldtravel.com.ar\/sitio\/?s={search_term_string}"},"query-input":{"@type":"PropertyValueSpecification","valueRequired":true,"valueName":"search_term_string"}}],"inLanguage":"es"},{"@type":"Person","@id":"https:\/\/basaworldtravel.com.ar\/sitio\/#\/schema\/person\/d89b1d641794d338c41cd3818beabd4c","name":"BasaWeb","image":{"@type":"ImageObject","inLanguage":"es","@id":"https:\/\/secure.gravatar.com\/avatar\/13e699648957af0aba903942fee2a1fc533d92bcd43fcf375a4df1edc2708698?s=96&d=mm&r=g","url":"https:\/\/secure.gravatar.com\/avatar\/13e699648957af0aba903942fee2a1fc533d92bcd43fcf375a4df1edc2708698?s=96&d=mm&r=g","contentUrl":"https:\/\/secure.gravatar.com\/avatar\/13e699648957af0aba903942fee2a1fc533d92bcd43fcf375a4df1edc2708698?s=96&d=mm&r=g","caption":"BasaWeb"},"url":"https:\/\/basaworldtravel.com.ar\/sitio\/author\/basaweb\/"}]}},"_links":{"self":[{"href":"https:\/\/basaworldtravel.com.ar\/sitio\/wp-json\/wp\/v2\/posts\/153548","targetHints":{"allow":["GET"]}}],"collection":[{"href":"https:\/\/basaworldtravel.com.ar\/sitio\/wp-json\/wp\/v2\/posts"}],"about":[{"href":"https:\/\/basaworldtravel.com.ar\/sitio\/wp-json\/wp\/v2\/types\/post"}],"author":[{"embeddable":true,"href":"https:\/\/basaworldtravel.com.ar\/sitio\/wp-json\/wp\/v2\/users\/2"}],"replies":[{"embeddable":true,"href":"https:\/\/basaworldtravel.com.ar\/sitio\/wp-json\/wp\/v2\/comments?post=153548"}],"version-history":[{"count":5,"href":"https:\/\/basaworldtravel.com.ar\/sitio\/wp-json\/wp\/v2\/posts\/153548\/revisions"}],"predecessor-version":[{"id":156301,"href":"https:\/\/basaworldtravel.com.ar\/sitio\/wp-json\/wp\/v2\/posts\/153548\/revisions\/156301"}],"wp:featuredmedia":[{"embeddable":true,"href":"https:\/\/basaworldtravel.com.ar\/sitio\/wp-json\/wp\/v2\/media\/132025"}],"wp:attachment":[{"href":"https:\/\/basaworldtravel.com.ar\/sitio\/wp-json\/wp\/v2\/media?parent=153548"}],"wp:term":[{"taxonomy":"category","embeddable":true,"href":"https:\/\/basaworldtravel.com.ar\/sitio\/wp-json\/wp\/v2\/categories?post=153548"},{"taxonomy":"post_tag","embeddable":true,"href":"https:\/\/basaworldtravel.com.ar\/sitio\/wp-json\/wp\/v2\/tags?post=153548"}],"curies":[{"name":"wp","href":"https:\/\/api.w.org\/{rel}","templated":true}]}}