{"id":151377,"date":"2024-08-23T15:42:50","date_gmt":"2024-08-23T18:42:50","guid":{"rendered":"https:\/\/basaworldtravel.com.ar\/?p=151377"},"modified":"2024-08-23T15:42:51","modified_gmt":"2024-08-23T18:42:51","slug":"alemania-y-suiza-acompanada","status":"publish","type":"post","link":"https:\/\/basaworldtravel.com.ar\/sitio\/2024\/08\/alemania-y-suiza-acompanada\/","title":{"rendered":"ALEMANIA Y SUIZA ACOMPA\u00d1ADA"},"content":{"rendered":"\n<p>Salida 31 Mayo 2025<\/p>\n\n\n\n<p><strong>EL TOUR INCLUYE:<br><\/strong>\uf0b7 Pasaje a\u00e9reo Ezeiza\/Frankfurt \/\/ Zurich\/Ezeiza en clase econ\u00f3mica.<br>\uf0b7 Acompa\u00f1amiento desde Argentina, en base a 10 pasajeros viajando juntos.<br>\uf0b7 Maleteros en los hoteles.<br>\uf0b7 Gu\u00eda exclusivo de habla hispana.<br>\uf0b7 15 noches alojamiento con desayuno buffet.<br>\uf0b7 Entradas y experiencias seg\u00fan itinerario.<br>\uf0b7 12 paseos.<\/p>\n\n\n\n<p><br><strong>EL TOUR NO INCLUYE:<br><\/strong>\uf0b7 Gastos personales.<br>\uf0b7 Gastos de reserva USD 30 por persona.<br>\uf0b7 Percepciones (en el caso de abonar en pesos).<br>\uf0b7 Excursiones mencionadas como opcionales o sugeridas.<br>\uf0b7 Propinas a choferes y gu\u00edas.<br>\uf0b7 Bebidas en las comidas.<br>\uf0b7 Cualquier comida o visita no mencionada, o mencionada como opcional.<br>\uf0b7 Cualquier otro servicio no especificado en el tour incluye o en el itinerario.<\/p>\n\n\n\n<p><strong>HOTELES PREVISTOS O SIMILARES:<br><\/strong>FRANKFURT: MARITIM<br>HEIDELBERG: INTERCITY<br>FRIBURGO: NOVOTEL KONGRESS<br>M\u00daNICH: WESTIN GRAND M\u00daNICH<br>Z\u00daRICH: NOVOTEL CITY WEST<br>BERNA: SWISSOTEL KURSAAL\/ NH BRISTOL<br>GINEBRA: CROWNE PLAZA<br>ZERMATT: HOTEL AMBASSADOR<\/p>\n\n\n\n<p><br><strong>VUELOS PREVISTOS:<br><\/strong>AF 471 31MAY EZECDG 2355 1750 01JUN<br>AF1018 01JUN CDGFRA 2045 2205 01JUN<br>AF1415 16JUN ZRHCDG 0745 0910 16JUN<br>AF 468 16JUN CDGEZE 1310 2145 16JUN<br>EQUIPAJE PERMITIDO: 1 maleta de hasta 23 kg.<br>** Programa sujeto a condiciones generales **<\/p>\n\n\n\n<p><\/p>\n\n\n\n<p><strong>PRECIO POR PERSONA EN BASE DOBLE USD7430 <\/strong><\/p>\n\n\n\n<p><\/p>\n\n\n\n<div data-wp-interactive=\"core\/file\" class=\"wp-block-file\"><object data-wp-bind--hidden=\"!state.hasPdfPreview\" hidden class=\"wp-block-file__embed\" data=\"https:\/\/basaworldtravel.com.ar\/sitio\/wp-content\/uploads\/2024\/08\/itinerario_alemania-y-suiza-acompanada.pdf\" type=\"application\/pdf\" style=\"width:100%;height:600px\" aria-label=\"Incrustado de itinerario_alemania-y-suiza-acompanada.\"><\/object><a id=\"wp-block-file--media-939115a5-6668-4316-b0e0-cd2fff6428af\" href=\"https:\/\/basaworldtravel.com.ar\/sitio\/wp-content\/uploads\/2024\/08\/itinerario_alemania-y-suiza-acompanada.pdf\">itinerario_alemania-y-suiza-acompanada<\/a><a href=\"https:\/\/basaworldtravel.com.ar\/sitio\/wp-content\/uploads\/2024\/08\/itinerario_alemania-y-suiza-acompanada.pdf\" class=\"wp-block-file__button wp-element-button\" download aria-describedby=\"wp-block-file--media-939115a5-6668-4316-b0e0-cd2fff6428af\">Descarga<\/a><\/div>\n","protected":false},"excerpt":{"rendered":"<p>Visitando: Alemania, Suiza, Selva Negra<\/p>\n","protected":false},"author":2,"featured_media":149409,"comment_status":"closed","ping_status":"open","sticky":false,"template":"","format":"standard","meta":{"_acf_changed":false,"footnotes":""},"categories":[9,5],"tags":[617,302,653,645,657,661,654,659,660,655,656,80,652,651],"class_list":["post-151377","post","type-post","status-publish","format-standard","has-post-thumbnail","hentry","category-exoticos","category-paquetes","tag-617","tag-alemania","tag-estrasburgo","tag-frankfurt","tag-friburgo","tag-ginebra","tag-heidelberg","tag-interlaken","tag-lucerna","tag-munich","tag-rothemburgo","tag-salidas-grupales","tag-selva-negra","tag-suiza","category-9","category-5","description-off"],"acf":[],"yoast_head":"<!-- This site is optimized with the Yoast SEO plugin v28.4 - https:\/\/yoast.com\/product\/yoast-seo-wordpress\/ -->\n<title>ALEMANIA Y SUIZA ACOMPA\u00d1ADA - Basa<\/title>\n<meta name=\"robots\" content=\"index, follow, max-snippet:-1, max-image-preview:large, max-video-preview:-1\" \/>\n<link rel=\"canonical\" href=\"https:\/\/basaworldtravel.com.ar\/sitio\/2024\/08\/alemania-y-suiza-acompanada\/\" \/>\n<meta property=\"og:locale\" content=\"es_ES\" \/>\n<meta property=\"og:type\" content=\"article\" \/>\n<meta property=\"og:title\" content=\"ALEMANIA Y SUIZA ACOMPA\u00d1ADA - Basa\" \/>\n<meta property=\"og:description\" content=\"Visitando: Alemania, Suiza, Selva Negra\" \/>\n<meta property=\"og:url\" content=\"https:\/\/basaworldtravel.com.ar\/sitio\/2024\/08\/alemania-y-suiza-acompanada\/\" \/>\n<meta property=\"og:site_name\" content=\"Basa\" \/>\n<meta property=\"article:published_time\" content=\"2024-08-23T18:42:50+00:00\" \/>\n<meta property=\"article:modified_time\" content=\"2024-08-23T18:42:51+00:00\" \/>\n<meta property=\"og:image\" content=\"https:\/\/basaworldtravel.com.ar\/sitio\/wp-content\/uploads\/2024\/02\/alemania_berlin_shutterstockrf_566050516_patino_shutterstock.jpg\" \/>\n\t<meta property=\"og:image:width\" content=\"1200\" \/>\n\t<meta property=\"og:image:height\" content=\"800\" \/>\n\t<meta property=\"og:image:type\" content=\"image\/jpeg\" \/>\n<meta name=\"author\" content=\"BasaWeb\" \/>\n<meta name=\"twitter:card\" content=\"summary_large_image\" \/>\n<meta name=\"twitter:label1\" content=\"Escrito por\" \/>\n\t<meta name=\"twitter:data1\" content=\"BasaWeb\" \/>\n\t<meta name=\"twitter:label2\" content=\"Tiempo de lectura\" \/>\n\t<meta name=\"twitter:data2\" content=\"2 minutos\" \/>\n<script type=\"application\/ld+json\" class=\"yoast-schema-graph\">{\"@context\":\"https:\\\/\\\/schema.org\",\"@graph\":[{\"@type\":\"Article\",\"@id\":\"https:\\\/\\\/basaworldtravel.com.ar\\\/sitio\\\/2024\\\/08\\\/alemania-y-suiza-acompanada\\\/#article\",\"isPartOf\":{\"@id\":\"https:\\\/\\\/basaworldtravel.com.ar\\\/sitio\\\/2024\\\/08\\\/alemania-y-suiza-acompanada\\\/\"},\"author\":{\"name\":\"BasaWeb\",\"@id\":\"https:\\\/\\\/basaworldtravel.com.ar\\\/sitio\\\/#\\\/schema\\\/person\\\/d89b1d641794d338c41cd3818beabd4c\"},\"headline\":\"ALEMANIA Y SUIZA ACOMPA\u00d1ADA\",\"datePublished\":\"2024-08-23T18:42:50+00:00\",\"dateModified\":\"2024-08-23T18:42:51+00:00\",\"mainEntityOfPage\":{\"@id\":\"https:\\\/\\\/basaworldtravel.com.ar\\\/sitio\\\/2024\\\/08\\\/alemania-y-suiza-acompanada\\\/\"},\"wordCount\":173,\"image\":{\"@id\":\"https:\\\/\\\/basaworldtravel.com.ar\\\/sitio\\\/2024\\\/08\\\/alemania-y-suiza-acompanada\\\/#primaryimage\"},\"thumbnailUrl\":\"https:\\\/\\\/basaworldtravel.com.ar\\\/sitio\\\/wp-content\\\/uploads\\\/2024\\\/02\\\/alemania_berlin_shutterstockrf_566050516_patino_shutterstock.jpg\",\"keywords\":[\"2025\",\"alemania\",\"ESTRASBURGO\",\"FRANKFURT\",\"FRIBURGO\",\"GINEBRA\",\"HEIDELBERG\",\"INTERLAKEN\",\"LUCERNA\",\"M\u00daNICH\",\"ROTHEMBURGO\",\"SALIDAS GRUPALES\",\"SELVA NEGRA\",\"SUIZA\"],\"articleSection\":[\"Exoticos\",\"Paquetes\"],\"inLanguage\":\"es\"},{\"@type\":\"WebPage\",\"@id\":\"https:\\\/\\\/basaworldtravel.com.ar\\\/sitio\\\/2024\\\/08\\\/alemania-y-suiza-acompanada\\\/\",\"url\":\"https:\\\/\\\/basaworldtravel.com.ar\\\/sitio\\\/2024\\\/08\\\/alemania-y-suiza-acompanada\\\/\",\"name\":\"ALEMANIA Y SUIZA ACOMPA\u00d1ADA - Basa\",\"isPartOf\":{\"@id\":\"https:\\\/\\\/basaworldtravel.com.ar\\\/sitio\\\/#website\"},\"primaryImageOfPage\":{\"@id\":\"https:\\\/\\\/basaworldtravel.com.ar\\\/sitio\\\/2024\\\/08\\\/alemania-y-suiza-acompanada\\\/#primaryimage\"},\"image\":{\"@id\":\"https:\\\/\\\/basaworldtravel.com.ar\\\/sitio\\\/2024\\\/08\\\/alemania-y-suiza-acompanada\\\/#primaryimage\"},\"thumbnailUrl\":\"https:\\\/\\\/basaworldtravel.com.ar\\\/sitio\\\/wp-content\\\/uploads\\\/2024\\\/02\\\/alemania_berlin_shutterstockrf_566050516_patino_shutterstock.jpg\",\"datePublished\":\"2024-08-23T18:42:50+00:00\",\"dateModified\":\"2024-08-23T18:42:51+00:00\",\"author\":{\"@id\":\"https:\\\/\\\/basaworldtravel.com.ar\\\/sitio\\\/#\\\/schema\\\/person\\\/d89b1d641794d338c41cd3818beabd4c\"},\"breadcrumb\":{\"@id\":\"https:\\\/\\\/basaworldtravel.com.ar\\\/sitio\\\/2024\\\/08\\\/alemania-y-suiza-acompanada\\\/#breadcrumb\"},\"inLanguage\":\"es\",\"potentialAction\":[{\"@type\":\"ReadAction\",\"target\":[\"https:\\\/\\\/basaworldtravel.com.ar\\\/sitio\\\/2024\\\/08\\\/alemania-y-suiza-acompanada\\\/\"]}]},{\"@type\":\"ImageObject\",\"inLanguage\":\"es\",\"@id\":\"https:\\\/\\\/basaworldtravel.com.ar\\\/sitio\\\/2024\\\/08\\\/alemania-y-suiza-acompanada\\\/#primaryimage\",\"url\":\"https:\\\/\\\/basaworldtravel.com.ar\\\/sitio\\\/wp-content\\\/uploads\\\/2024\\\/02\\\/alemania_berlin_shutterstockrf_566050516_patino_shutterstock.jpg\",\"contentUrl\":\"https:\\\/\\\/basaworldtravel.com.ar\\\/sitio\\\/wp-content\\\/uploads\\\/2024\\\/02\\\/alemania_berlin_shutterstockrf_566050516_patino_shutterstock.jpg\",\"width\":1200,\"height\":800},{\"@type\":\"BreadcrumbList\",\"@id\":\"https:\\\/\\\/basaworldtravel.com.ar\\\/sitio\\\/2024\\\/08\\\/alemania-y-suiza-acompanada\\\/#breadcrumb\",\"itemListElement\":[{\"@type\":\"ListItem\",\"position\":1,\"name\":\"Portada\",\"item\":\"https:\\\/\\\/basaworldtravel.com.ar\\\/sitio\\\/\"},{\"@type\":\"ListItem\",\"position\":2,\"name\":\"ALEMANIA Y SUIZA ACOMPA\u00d1ADA\"}]},{\"@type\":\"WebSite\",\"@id\":\"https:\\\/\\\/basaworldtravel.com.ar\\\/sitio\\\/#website\",\"url\":\"https:\\\/\\\/basaworldtravel.com.ar\\\/sitio\\\/\",\"name\":\"Basa\",\"description\":\"World Travel\",\"potentialAction\":[{\"@type\":\"SearchAction\",\"target\":{\"@type\":\"EntryPoint\",\"urlTemplate\":\"https:\\\/\\\/basaworldtravel.com.ar\\\/sitio\\\/?s={search_term_string}\"},\"query-input\":{\"@type\":\"PropertyValueSpecification\",\"valueRequired\":true,\"valueName\":\"search_term_string\"}}],\"inLanguage\":\"es\"},{\"@type\":\"Person\",\"@id\":\"https:\\\/\\\/basaworldtravel.com.ar\\\/sitio\\\/#\\\/schema\\\/person\\\/d89b1d641794d338c41cd3818beabd4c\",\"name\":\"BasaWeb\",\"image\":{\"@type\":\"ImageObject\",\"inLanguage\":\"es\",\"@id\":\"https:\\\/\\\/secure.gravatar.com\\\/avatar\\\/13e699648957af0aba903942fee2a1fc533d92bcd43fcf375a4df1edc2708698?s=96&d=mm&r=g\",\"url\":\"https:\\\/\\\/secure.gravatar.com\\\/avatar\\\/13e699648957af0aba903942fee2a1fc533d92bcd43fcf375a4df1edc2708698?s=96&d=mm&r=g\",\"contentUrl\":\"https:\\\/\\\/secure.gravatar.com\\\/avatar\\\/13e699648957af0aba903942fee2a1fc533d92bcd43fcf375a4df1edc2708698?s=96&d=mm&r=g\",\"caption\":\"BasaWeb\"},\"url\":\"https:\\\/\\\/basaworldtravel.com.ar\\\/sitio\\\/author\\\/basaweb\\\/\"}]}<\/script>\n<!-- \/ Yoast SEO plugin. -->","yoast_head_json":{"title":"ALEMANIA Y SUIZA ACOMPA\u00d1ADA - Basa","robots":{"index":"index","follow":"follow","max-snippet":"max-snippet:-1","max-image-preview":"max-image-preview:large","max-video-preview":"max-video-preview:-1"},"canonical":"https:\/\/basaworldtravel.com.ar\/sitio\/2024\/08\/alemania-y-suiza-acompanada\/","og_locale":"es_ES","og_type":"article","og_title":"ALEMANIA Y SUIZA ACOMPA\u00d1ADA - Basa","og_description":"Visitando: Alemania, Suiza, Selva Negra","og_url":"https:\/\/basaworldtravel.com.ar\/sitio\/2024\/08\/alemania-y-suiza-acompanada\/","og_site_name":"Basa","article_published_time":"2024-08-23T18:42:50+00:00","article_modified_time":"2024-08-23T18:42:51+00:00","og_image":[{"width":1200,"height":800,"url":"https:\/\/basaworldtravel.com.ar\/sitio\/wp-content\/uploads\/2024\/02\/alemania_berlin_shutterstockrf_566050516_patino_shutterstock.jpg","type":"image\/jpeg"}],"author":"BasaWeb","twitter_card":"summary_large_image","twitter_misc":{"Escrito por":"BasaWeb","Tiempo de lectura":"2 minutos"},"schema":{"@context":"https:\/\/schema.org","@graph":[{"@type":"Article","@id":"https:\/\/basaworldtravel.com.ar\/sitio\/2024\/08\/alemania-y-suiza-acompanada\/#article","isPartOf":{"@id":"https:\/\/basaworldtravel.com.ar\/sitio\/2024\/08\/alemania-y-suiza-acompanada\/"},"author":{"name":"BasaWeb","@id":"https:\/\/basaworldtravel.com.ar\/sitio\/#\/schema\/person\/d89b1d641794d338c41cd3818beabd4c"},"headline":"ALEMANIA Y SUIZA ACOMPA\u00d1ADA","datePublished":"2024-08-23T18:42:50+00:00","dateModified":"2024-08-23T18:42:51+00:00","mainEntityOfPage":{"@id":"https:\/\/basaworldtravel.com.ar\/sitio\/2024\/08\/alemania-y-suiza-acompanada\/"},"wordCount":173,"image":{"@id":"https:\/\/basaworldtravel.com.ar\/sitio\/2024\/08\/alemania-y-suiza-acompanada\/#primaryimage"},"thumbnailUrl":"https:\/\/basaworldtravel.com.ar\/sitio\/wp-content\/uploads\/2024\/02\/alemania_berlin_shutterstockrf_566050516_patino_shutterstock.jpg","keywords":["2025","alemania","ESTRASBURGO","FRANKFURT","FRIBURGO","GINEBRA","HEIDELBERG","INTERLAKEN","LUCERNA","M\u00daNICH","ROTHEMBURGO","SALIDAS GRUPALES","SELVA NEGRA","SUIZA"],"articleSection":["Exoticos","Paquetes"],"inLanguage":"es"},{"@type":"WebPage","@id":"https:\/\/basaworldtravel.com.ar\/sitio\/2024\/08\/alemania-y-suiza-acompanada\/","url":"https:\/\/basaworldtravel.com.ar\/sitio\/2024\/08\/alemania-y-suiza-acompanada\/","name":"ALEMANIA Y SUIZA ACOMPA\u00d1ADA - Basa","isPartOf":{"@id":"https:\/\/basaworldtravel.com.ar\/sitio\/#website"},"primaryImageOfPage":{"@id":"https:\/\/basaworldtravel.com.ar\/sitio\/2024\/08\/alemania-y-suiza-acompanada\/#primaryimage"},"image":{"@id":"https:\/\/basaworldtravel.com.ar\/sitio\/2024\/08\/alemania-y-suiza-acompanada\/#primaryimage"},"thumbnailUrl":"https:\/\/basaworldtravel.com.ar\/sitio\/wp-content\/uploads\/2024\/02\/alemania_berlin_shutterstockrf_566050516_patino_shutterstock.jpg","datePublished":"2024-08-23T18:42:50+00:00","dateModified":"2024-08-23T18:42:51+00:00","author":{"@id":"https:\/\/basaworldtravel.com.ar\/sitio\/#\/schema\/person\/d89b1d641794d338c41cd3818beabd4c"},"breadcrumb":{"@id":"https:\/\/basaworldtravel.com.ar\/sitio\/2024\/08\/alemania-y-suiza-acompanada\/#breadcrumb"},"inLanguage":"es","potentialAction":[{"@type":"ReadAction","target":["https:\/\/basaworldtravel.com.ar\/sitio\/2024\/08\/alemania-y-suiza-acompanada\/"]}]},{"@type":"ImageObject","inLanguage":"es","@id":"https:\/\/basaworldtravel.com.ar\/sitio\/2024\/08\/alemania-y-suiza-acompanada\/#primaryimage","url":"https:\/\/basaworldtravel.com.ar\/sitio\/wp-content\/uploads\/2024\/02\/alemania_berlin_shutterstockrf_566050516_patino_shutterstock.jpg","contentUrl":"https:\/\/basaworldtravel.com.ar\/sitio\/wp-content\/uploads\/2024\/02\/alemania_berlin_shutterstockrf_566050516_patino_shutterstock.jpg","width":1200,"height":800},{"@type":"BreadcrumbList","@id":"https:\/\/basaworldtravel.com.ar\/sitio\/2024\/08\/alemania-y-suiza-acompanada\/#breadcrumb","itemListElement":[{"@type":"ListItem","position":1,"name":"Portada","item":"https:\/\/basaworldtravel.com.ar\/sitio\/"},{"@type":"ListItem","position":2,"name":"ALEMANIA Y SUIZA ACOMPA\u00d1ADA"}]},{"@type":"WebSite","@id":"https:\/\/basaworldtravel.com.ar\/sitio\/#website","url":"https:\/\/basaworldtravel.com.ar\/sitio\/","name":"Basa","description":"World Travel","potentialAction":[{"@type":"SearchAction","target":{"@type":"EntryPoint","urlTemplate":"https:\/\/basaworldtravel.com.ar\/sitio\/?s={search_term_string}"},"query-input":{"@type":"PropertyValueSpecification","valueRequired":true,"valueName":"search_term_string"}}],"inLanguage":"es"},{"@type":"Person","@id":"https:\/\/basaworldtravel.com.ar\/sitio\/#\/schema\/person\/d89b1d641794d338c41cd3818beabd4c","name":"BasaWeb","image":{"@type":"ImageObject","inLanguage":"es","@id":"https:\/\/secure.gravatar.com\/avatar\/13e699648957af0aba903942fee2a1fc533d92bcd43fcf375a4df1edc2708698?s=96&d=mm&r=g","url":"https:\/\/secure.gravatar.com\/avatar\/13e699648957af0aba903942fee2a1fc533d92bcd43fcf375a4df1edc2708698?s=96&d=mm&r=g","contentUrl":"https:\/\/secure.gravatar.com\/avatar\/13e699648957af0aba903942fee2a1fc533d92bcd43fcf375a4df1edc2708698?s=96&d=mm&r=g","caption":"BasaWeb"},"url":"https:\/\/basaworldtravel.com.ar\/sitio\/author\/basaweb\/"}]}},"_links":{"self":[{"href":"https:\/\/basaworldtravel.com.ar\/sitio\/wp-json\/wp\/v2\/posts\/151377","targetHints":{"allow":["GET"]}}],"collection":[{"href":"https:\/\/basaworldtravel.com.ar\/sitio\/wp-json\/wp\/v2\/posts"}],"about":[{"href":"https:\/\/basaworldtravel.com.ar\/sitio\/wp-json\/wp\/v2\/types\/post"}],"author":[{"embeddable":true,"href":"https:\/\/basaworldtravel.com.ar\/sitio\/wp-json\/wp\/v2\/users\/2"}],"replies":[{"embeddable":true,"href":"https:\/\/basaworldtravel.com.ar\/sitio\/wp-json\/wp\/v2\/comments?post=151377"}],"version-history":[{"count":1,"href":"https:\/\/basaworldtravel.com.ar\/sitio\/wp-json\/wp\/v2\/posts\/151377\/revisions"}],"predecessor-version":[{"id":151379,"href":"https:\/\/basaworldtravel.com.ar\/sitio\/wp-json\/wp\/v2\/posts\/151377\/revisions\/151379"}],"wp:featuredmedia":[{"embeddable":true,"href":"https:\/\/basaworldtravel.com.ar\/sitio\/wp-json\/wp\/v2\/media\/149409"}],"wp:attachment":[{"href":"https:\/\/basaworldtravel.com.ar\/sitio\/wp-json\/wp\/v2\/media?parent=151377"}],"wp:term":[{"taxonomy":"category","embeddable":true,"href":"https:\/\/basaworldtravel.com.ar\/sitio\/wp-json\/wp\/v2\/categories?post=151377"},{"taxonomy":"post_tag","embeddable":true,"href":"https:\/\/basaworldtravel.com.ar\/sitio\/wp-json\/wp\/v2\/tags?post=151377"}],"curies":[{"name":"wp","href":"https:\/\/api.w.org\/{rel}","templated":true}]}}